{"id":679,"date":"2020-04-02T12:09:17","date_gmt":"2020-04-02T10:09:17","guid":{"rendered":"http:\/\/wgsr.uw.edu.pl\/pisg\/?p=679"},"modified":"2024-07-24T07:46:06","modified_gmt":"2024-07-24T07:46:06","slug":"t-64-1-ss-7-20","status":"publish","type":"post","link":"https:\/\/pisg.wgsr.uw.edu.pl\/?p=679","title":{"rendered":"T. 64.1, ss. 7-20"},"content":{"rendered":"\r\n<h1 class=\"has-text-align-center wp-block-heading\"><strong>Nazwy szczyt\u00f3w w g\u0142\u00f3wnym grzbiecie Pasma Brzanki na Pog\u00f3rzu Ci\u0119\u017ckowickim <\/strong><\/h1>\r\n\r\n\r\n\r\n<h2 class=\"has-text-align-center wp-block-heading\">The names of peaks in the main ridge of the Brzanka Mountain Range in the Ci\u0119\u017ckowickie Foothills<\/h2>\r\n\r\n\r\n\r\n<h5 class=\"has-text-align-center wp-block-heading\"><strong>Marcin Wojciech SOLARZ<\/strong><\/h5>\r\n\r\n\r\n\r\n<h5 class=\"has-text-align-center wp-block-heading\">Uniwersytet Warszawski, Wydzia\u0142 Geografii i Studi\u00f3w Regionalnych<br \/>e-mail: mwsolarz@uw.edu.pl<\/h5>\r\n\r\n\r\n\r\n<h5 class=\"has-text-align-center wp-block-heading\"><strong>Rafa\u0142 KROCZAK<\/strong><\/h5>\r\n\r\n\r\n\r\n<h5 class=\"has-text-align-center wp-block-heading\">Uniwersytet Pedagogiczny w Krakowie, Instytut Geografii<br \/>e-mail: kroraf@up.krakow.pl<\/h5>\r\n\r\n\r\n\r\n<p><strong>Zarys tre\u015bci: <\/strong>W artykule poddano analizie nazwy szczyt\u00f3w po\u0142o\u017conych w g\u0142\u00f3wnym grzbiecie Pasma Brzanki, znajduj\u0105cego si\u0119 na pograniczu wojew\u00f3dztw ma\u0142opolskiego i podkarpackiego, w zdecydowanej wi\u0119kszo\u015bci w granicach powiatu tarnowskiego. Celem artyku\u0142u jest jednak nie tylko wyja\u015bnienie motywacji nazw szczyt\u00f3w g\u0142\u00f3wnego grzbietu Pasma Brzanki, ale te\u017c uporz\u0105dkowanie nazewnictwa g\u00f3rskiego pasma.<\/p>\r\n\r\n\r\n\r\n<p><strong>S\u0142owa kluczowe: <\/strong>szczyty, Pasmo Brzanki, Pog\u00f3rze Ci\u0119\u017ckowickie, Karpaty, Polska<\/p>\r\n\r\n\r\n\r\n<p><strong>Abstract: <\/strong>The article analyses the names of peaks in the main ridge of the Brzanka Mountain Range, located on the border of the Ma\u0142opolskie and Podkarpackie Voivodships, mainly in the Tarn\u00f3w county. However, the purpose of the article is not only to try to explain etymology of the names of peaks in the main ridge of the Brzanka Mountain Range, but also to reconstruct a set of named peaks of the Brzanka Mountain Range in their right locations.<\/p>\r\n\r\n\r\n\r\n<p><strong>Key words: <\/strong>mountain peaks, Brzanka Mountain Range, Ci\u0119\u017ckowickie Foothills, Carpathian Mountains, Poland<\/p>\r\n\r\n\r\n\r\n<p><strong>Zalecany spos\u00f3b cytowania\/ Cite as: <\/strong>Solarz M.W., Kroczak R., 2019, Nazwy szczyt\u00f3w w g\u0142\u00f3wnym grzbiecie Pasma Brzanki na Pog\u00f3rzu Ci\u0119\u017ckowickim, <em>Prace i Studia Geograficzne<\/em>, 64.1, Wydzia\u0142 Geografii i Studi\u00f3w Regionalnych Uniwersytetu Warszawskiego, Warszawa, 7-20.<\/p>\r\n\r\n\r\n\r\n<p class=\"has-small-font-size\">Wp\u0142yn\u0119\u0142o: 05.06.2018<br \/>Zaakceptowano: 11.09.2018<\/p>\r\n\r\n\r\n\r\n<p><a href=\"https:\/\/pisg.wgsr.uw.edu.pl\/wp-content\/uploads\/pisg\/T64_1\/01_Solarz_M_Korczak_R_26-01-2019-1.pdf\">Pobierz ca\u0142y tekst w pdf\u00a0\/\u00a0Get full text (pdf format)<\/a><\/p>\r\n","protected":false},"excerpt":{"rendered":"<p>Nazwy szczyt\u00f3w w g\u0142\u00f3wnym grzbiecie Pasma Brzanki na Pog\u00f3rzu Ci\u0119\u017ckowickim The names of peaks in the main ridge of the Brzanka Mountain Range in the Ci\u0119\u017ckowickie Foothills Marcin Wojciech SOLARZ Uniwersytet Warszawski, Wydzia\u0142 Geografii i Studi\u00f3w Regionalnyche-mail: mwsolarz@uw.edu.pl Rafa\u0142 KROCZAK Uniwersytet Pedagogiczny w Krakowie, Instytut Geografiie-mail: kroraf@up.krakow.pl Zarys tre\u015bci: W artykule poddano analizie nazwy szczyt\u00f3w [&hellip;]<\/p>\n","protected":false},"author":2,"featured_media":0,"comment_status":"closed","ping_status":"closed","sticky":false,"template":"","format":"standard","meta":{"_monsterinsights_skip_tracking":false,"_monsterinsights_sitenote_active":false,"_monsterinsights_sitenote_note":"","_monsterinsights_sitenote_category":0,"footnotes":""},"categories":[173,295,345],"tags":[633,659,703,1373,1727,1921,1987,1995,2017,2563],"class_list":["post-679","post","type-post","status-publish","format-standard","hentry","category-kroczak-rafal","category-solarz-marcin-wojciech","category-t-64-z-1","tag-brzanka-mountain-range","tag-carpathian-mountains","tag-ciezkowickie-foothills","tag-karpaty","tag-mountain-peaks","tag-pasmo-brzanki","tag-pogorze-ciezkowickie","tag-poland","tag-polska","tag-szczyty"],"yoast_head":"<!-- This site is optimized with the Yoast SEO plugin v27.4 - https:\/\/yoast.com\/product\/yoast-seo-wordpress\/ -->\n<title>T. 64.1, ss. 7-20<\/title>\n<meta name=\"description\" content=\"W artykule poddano analizie nazwy szczyt\u00f3w po\u0142o\u017conych w grzbiecie Pasma Brzanki, na pograniczu wojew\u00f3dztw ma\u0142opolskiego i podkarpackiego...\" \/>\n<meta name=\"robots\" content=\"index, follow, max-snippet:-1, max-image-preview:large, max-video-preview:-1\" \/>\n<link rel=\"canonical\" href=\"https:\/\/pisg.wgsr.uw.edu.pl\/?p=679\" \/>\n<meta property=\"og:locale\" content=\"pl_PL\" \/>\n<meta property=\"og:type\" content=\"article\" \/>\n<meta property=\"og:title\" content=\"T. 64.1, ss. 7-20\" \/>\n<meta property=\"og:description\" content=\"W artykule poddano analizie nazwy szczyt\u00f3w po\u0142o\u017conych w grzbiecie Pasma Brzanki, na pograniczu wojew\u00f3dztw ma\u0142opolskiego i podkarpackiego...\" \/>\n<meta property=\"og:url\" content=\"https:\/\/pisg.wgsr.uw.edu.pl\/?p=679\" \/>\n<meta property=\"og:site_name\" content=\"Prace i Studia Geograficzne | Studies in Geography\" \/>\n<meta property=\"article:published_time\" content=\"2020-04-02T10:09:17+00:00\" \/>\n<meta property=\"article:modified_time\" content=\"2024-07-24T07:46:06+00:00\" \/>\n<meta name=\"author\" content=\"Jarek\" \/>\n<meta name=\"twitter:card\" content=\"summary_large_image\" \/>\n<meta name=\"twitter:label1\" content=\"Napisane przez\" \/>\n\t<meta name=\"twitter:data1\" content=\"Jarek\" \/>\n\t<meta name=\"twitter:label2\" content=\"Szacowany czas czytania\" \/>\n\t<meta name=\"twitter:data2\" content=\"2 minuty\" \/>\n<script type=\"application\/ld+json\" class=\"yoast-schema-graph\">{\"@context\":\"https:\\\/\\\/schema.org\",\"@graph\":[{\"@type\":\"Article\",\"@id\":\"https:\\\/\\\/pisg.wgsr.uw.edu.pl\\\/?p=679#article\",\"isPartOf\":{\"@id\":\"https:\\\/\\\/pisg.wgsr.uw.edu.pl\\\/?p=679\"},\"author\":{\"name\":\"Jarek\",\"@id\":\"https:\\\/\\\/pisg.wgsr.uw.edu.pl\\\/#\\\/schema\\\/person\\\/cd018e9e4bd7df939d9272695dda8d40\"},\"headline\":\"T. 64.1, ss. 7-20\",\"datePublished\":\"2020-04-02T10:09:17+00:00\",\"dateModified\":\"2024-07-24T07:46:06+00:00\",\"mainEntityOfPage\":{\"@id\":\"https:\\\/\\\/pisg.wgsr.uw.edu.pl\\\/?p=679\"},\"wordCount\":286,\"keywords\":[\"Brzanka Mountain Range\",\"Carpathian Mountains\",\"Ci\u0119\u017ckowickie Foothills\",\"Karpaty\",\"mountain peaks\",\"Pasmo Brzanki\",\"Pog\u00f3rze Ci\u0119\u017ckowickie\",\"Poland\",\"Polska\",\"szczyty\"],\"articleSection\":[\"KROCZAK Rafa\u0142\",\"SOLARZ Marcin Wojciech\",\"Tom 64 zeszyt 1\"],\"inLanguage\":\"pl-PL\"},{\"@type\":\"WebPage\",\"@id\":\"https:\\\/\\\/pisg.wgsr.uw.edu.pl\\\/?p=679\",\"url\":\"https:\\\/\\\/pisg.wgsr.uw.edu.pl\\\/?p=679\",\"name\":\"T. 64.1, ss. 7-20\",\"isPartOf\":{\"@id\":\"https:\\\/\\\/pisg.wgsr.uw.edu.pl\\\/#website\"},\"datePublished\":\"2020-04-02T10:09:17+00:00\",\"dateModified\":\"2024-07-24T07:46:06+00:00\",\"author\":{\"@id\":\"https:\\\/\\\/pisg.wgsr.uw.edu.pl\\\/#\\\/schema\\\/person\\\/cd018e9e4bd7df939d9272695dda8d40\"},\"description\":\"W artykule poddano analizie nazwy szczyt\u00f3w po\u0142o\u017conych w grzbiecie Pasma Brzanki, na pograniczu wojew\u00f3dztw ma\u0142opolskiego i podkarpackiego...\",\"breadcrumb\":{\"@id\":\"https:\\\/\\\/pisg.wgsr.uw.edu.pl\\\/?p=679#breadcrumb\"},\"inLanguage\":\"pl-PL\",\"potentialAction\":[{\"@type\":\"ReadAction\",\"target\":[\"https:\\\/\\\/pisg.wgsr.uw.edu.pl\\\/?p=679\"]}]},{\"@type\":\"BreadcrumbList\",\"@id\":\"https:\\\/\\\/pisg.wgsr.uw.edu.pl\\\/?p=679#breadcrumb\",\"itemListElement\":[{\"@type\":\"ListItem\",\"position\":1,\"name\":\"Strona g\u0142\u00f3wna\",\"item\":\"https:\\\/\\\/pisg.wgsr.uw.edu.pl\\\/\"},{\"@type\":\"ListItem\",\"position\":2,\"name\":\"T. 64.1, ss. 7-20\"}]},{\"@type\":\"WebSite\",\"@id\":\"https:\\\/\\\/pisg.wgsr.uw.edu.pl\\\/#website\",\"url\":\"https:\\\/\\\/pisg.wgsr.uw.edu.pl\\\/\",\"name\":\"Prace i Studia Geograficzne | Studies in Geography\",\"description\":\"Prace i Studia Geograficzne s\u0105 recenzowanym czasopismem wydawanym przez Wydzia\u0142 Geografii i Studi\u00f3w Regionalnych Uniwersytetu Warszawskiego\",\"potentialAction\":[{\"@type\":\"SearchAction\",\"target\":{\"@type\":\"EntryPoint\",\"urlTemplate\":\"https:\\\/\\\/pisg.wgsr.uw.edu.pl\\\/?s={search_term_string}\"},\"query-input\":{\"@type\":\"PropertyValueSpecification\",\"valueRequired\":true,\"valueName\":\"search_term_string\"}}],\"inLanguage\":\"pl-PL\"},{\"@type\":\"Person\",\"@id\":\"https:\\\/\\\/pisg.wgsr.uw.edu.pl\\\/#\\\/schema\\\/person\\\/cd018e9e4bd7df939d9272695dda8d40\",\"name\":\"Jarek\",\"image\":{\"@type\":\"ImageObject\",\"inLanguage\":\"pl-PL\",\"@id\":\"https:\\\/\\\/secure.gravatar.com\\\/avatar\\\/4302b61507d3cf3d7ea13e8c474a3ad1e079eee7a9a1b5e311232a849f85cd26?s=96&d=mm&r=g\",\"url\":\"https:\\\/\\\/secure.gravatar.com\\\/avatar\\\/4302b61507d3cf3d7ea13e8c474a3ad1e079eee7a9a1b5e311232a849f85cd26?s=96&d=mm&r=g\",\"contentUrl\":\"https:\\\/\\\/secure.gravatar.com\\\/avatar\\\/4302b61507d3cf3d7ea13e8c474a3ad1e079eee7a9a1b5e311232a849f85cd26?s=96&d=mm&r=g\",\"caption\":\"Jarek\"},\"url\":\"https:\\\/\\\/pisg.wgsr.uw.edu.pl\\\/?author=2\"}]}<\/script>\n<!-- \/ Yoast SEO plugin. -->","yoast_head_json":{"title":"T. 64.1, ss. 7-20","description":"W artykule poddano analizie nazwy szczyt\u00f3w po\u0142o\u017conych w grzbiecie Pasma Brzanki, na pograniczu wojew\u00f3dztw ma\u0142opolskiego i podkarpackiego...","robots":{"index":"index","follow":"follow","max-snippet":"max-snippet:-1","max-image-preview":"max-image-preview:large","max-video-preview":"max-video-preview:-1"},"canonical":"https:\/\/pisg.wgsr.uw.edu.pl\/?p=679","og_locale":"pl_PL","og_type":"article","og_title":"T. 64.1, ss. 7-20","og_description":"W artykule poddano analizie nazwy szczyt\u00f3w po\u0142o\u017conych w grzbiecie Pasma Brzanki, na pograniczu wojew\u00f3dztw ma\u0142opolskiego i podkarpackiego...","og_url":"https:\/\/pisg.wgsr.uw.edu.pl\/?p=679","og_site_name":"Prace i Studia Geograficzne | Studies in Geography","article_published_time":"2020-04-02T10:09:17+00:00","article_modified_time":"2024-07-24T07:46:06+00:00","author":"Jarek","twitter_card":"summary_large_image","twitter_misc":{"Napisane przez":"Jarek","Szacowany czas czytania":"2 minuty"},"schema":{"@context":"https:\/\/schema.org","@graph":[{"@type":"Article","@id":"https:\/\/pisg.wgsr.uw.edu.pl\/?p=679#article","isPartOf":{"@id":"https:\/\/pisg.wgsr.uw.edu.pl\/?p=679"},"author":{"name":"Jarek","@id":"https:\/\/pisg.wgsr.uw.edu.pl\/#\/schema\/person\/cd018e9e4bd7df939d9272695dda8d40"},"headline":"T. 64.1, ss. 7-20","datePublished":"2020-04-02T10:09:17+00:00","dateModified":"2024-07-24T07:46:06+00:00","mainEntityOfPage":{"@id":"https:\/\/pisg.wgsr.uw.edu.pl\/?p=679"},"wordCount":286,"keywords":["Brzanka Mountain Range","Carpathian Mountains","Ci\u0119\u017ckowickie Foothills","Karpaty","mountain peaks","Pasmo Brzanki","Pog\u00f3rze Ci\u0119\u017ckowickie","Poland","Polska","szczyty"],"articleSection":["KROCZAK Rafa\u0142","SOLARZ Marcin Wojciech","Tom 64 zeszyt 1"],"inLanguage":"pl-PL"},{"@type":"WebPage","@id":"https:\/\/pisg.wgsr.uw.edu.pl\/?p=679","url":"https:\/\/pisg.wgsr.uw.edu.pl\/?p=679","name":"T. 64.1, ss. 7-20","isPartOf":{"@id":"https:\/\/pisg.wgsr.uw.edu.pl\/#website"},"datePublished":"2020-04-02T10:09:17+00:00","dateModified":"2024-07-24T07:46:06+00:00","author":{"@id":"https:\/\/pisg.wgsr.uw.edu.pl\/#\/schema\/person\/cd018e9e4bd7df939d9272695dda8d40"},"description":"W artykule poddano analizie nazwy szczyt\u00f3w po\u0142o\u017conych w grzbiecie Pasma Brzanki, na pograniczu wojew\u00f3dztw ma\u0142opolskiego i podkarpackiego...","breadcrumb":{"@id":"https:\/\/pisg.wgsr.uw.edu.pl\/?p=679#breadcrumb"},"inLanguage":"pl-PL","potentialAction":[{"@type":"ReadAction","target":["https:\/\/pisg.wgsr.uw.edu.pl\/?p=679"]}]},{"@type":"BreadcrumbList","@id":"https:\/\/pisg.wgsr.uw.edu.pl\/?p=679#breadcrumb","itemListElement":[{"@type":"ListItem","position":1,"name":"Strona g\u0142\u00f3wna","item":"https:\/\/pisg.wgsr.uw.edu.pl\/"},{"@type":"ListItem","position":2,"name":"T. 64.1, ss. 7-20"}]},{"@type":"WebSite","@id":"https:\/\/pisg.wgsr.uw.edu.pl\/#website","url":"https:\/\/pisg.wgsr.uw.edu.pl\/","name":"Prace i Studia Geograficzne | Studies in Geography","description":"Prace i Studia Geograficzne s\u0105 recenzowanym czasopismem wydawanym przez Wydzia\u0142 Geografii i Studi\u00f3w Regionalnych Uniwersytetu Warszawskiego","potentialAction":[{"@type":"SearchAction","target":{"@type":"EntryPoint","urlTemplate":"https:\/\/pisg.wgsr.uw.edu.pl\/?s={search_term_string}"},"query-input":{"@type":"PropertyValueSpecification","valueRequired":true,"valueName":"search_term_string"}}],"inLanguage":"pl-PL"},{"@type":"Person","@id":"https:\/\/pisg.wgsr.uw.edu.pl\/#\/schema\/person\/cd018e9e4bd7df939d9272695dda8d40","name":"Jarek","image":{"@type":"ImageObject","inLanguage":"pl-PL","@id":"https:\/\/secure.gravatar.com\/avatar\/4302b61507d3cf3d7ea13e8c474a3ad1e079eee7a9a1b5e311232a849f85cd26?s=96&d=mm&r=g","url":"https:\/\/secure.gravatar.com\/avatar\/4302b61507d3cf3d7ea13e8c474a3ad1e079eee7a9a1b5e311232a849f85cd26?s=96&d=mm&r=g","contentUrl":"https:\/\/secure.gravatar.com\/avatar\/4302b61507d3cf3d7ea13e8c474a3ad1e079eee7a9a1b5e311232a849f85cd26?s=96&d=mm&r=g","caption":"Jarek"},"url":"https:\/\/pisg.wgsr.uw.edu.pl\/?author=2"}]}},"_links":{"self":[{"href":"https:\/\/pisg.wgsr.uw.edu.pl\/index.php?rest_route=\/wp\/v2\/posts\/679","targetHints":{"allow":["GET"]}}],"collection":[{"href":"https:\/\/pisg.wgsr.uw.edu.pl\/index.php?rest_route=\/wp\/v2\/posts"}],"about":[{"href":"https:\/\/pisg.wgsr.uw.edu.pl\/index.php?rest_route=\/wp\/v2\/types\/post"}],"author":[{"embeddable":true,"href":"https:\/\/pisg.wgsr.uw.edu.pl\/index.php?rest_route=\/wp\/v2\/users\/2"}],"replies":[{"embeddable":true,"href":"https:\/\/pisg.wgsr.uw.edu.pl\/index.php?rest_route=%2Fwp%2Fv2%2Fcomments&post=679"}],"version-history":[{"count":1,"href":"https:\/\/pisg.wgsr.uw.edu.pl\/index.php?rest_route=\/wp\/v2\/posts\/679\/revisions"}],"predecessor-version":[{"id":3294,"href":"https:\/\/pisg.wgsr.uw.edu.pl\/index.php?rest_route=\/wp\/v2\/posts\/679\/revisions\/3294"}],"wp:attachment":[{"href":"https:\/\/pisg.wgsr.uw.edu.pl\/index.php?rest_route=%2Fwp%2Fv2%2Fmedia&parent=679"}],"wp:term":[{"taxonomy":"category","embeddable":true,"href":"https:\/\/pisg.wgsr.uw.edu.pl\/index.php?rest_route=%2Fwp%2Fv2%2Fcategories&post=679"},{"taxonomy":"post_tag","embeddable":true,"href":"https:\/\/pisg.wgsr.uw.edu.pl\/index.php?rest_route=%2Fwp%2Fv2%2Ftags&post=679"}],"curies":[{"name":"wp","href":"https:\/\/api.w.org\/{rel}","templated":true}]}}